{"id":19734,"date":"2026-09-03T00:00:00","date_gmt":"2026-09-03T00:00:00","guid":{"rendered":"https:\/\/interspacemusic.com\/blog\/fabric-signe-un-accord-de-quatre-ans-pour-des-concerts-a-la-cathedrale-st-paul\/"},"modified":"2026-09-03T00:00:00","modified_gmt":"2026-09-03T00:00:00","slug":"fabric-signe-un-accord-de-quatre-ans-pour-des-concerts-a-la-cathedrale-st-paul","status":"publish","type":"post","link":"https:\/\/interspacemusic.com\/blog\/fr\/fabric-signe-un-accord-de-quatre-ans-pour-des-concerts-a-la-cathedrale-st-paul\/","title":{"rendered":"Fabric signe un accord de quatre ans pour des concerts \u00e0 la cath\u00e9drale St Paul"},"content":{"rendered":"<p>L&#8217;exploitant de nightclub <a href=\"https:\/\/www.fabriclondon.com\"><strong>Fabric<\/strong><\/a> a sign\u00e9 un accord de quatre ans pour devenir le partenaire exclusif de musique contemporaine \u00e0 la <a href=\"https:\/\/www.stpauls.co.uk\"><strong>cath\u00e9drale St Paul<\/strong><\/a> \u00e0 Londres.<\/p>\n<p>Le partenariat couvre des concerts d&#8217;une gamme d&#8217;artistes contemporains dans la cath\u00e9drale vieille de 300 ans. Le premier \u00e9v\u00e9nement dans le cadre du nouvel accord est pr\u00e9vu le 29 octobre, avec des d\u00e9tails \u00e0 annoncer.<\/p>\n<p>Fabric a organis\u00e9 un premier concert \u00e0 St Paul en 2024, avec l&#8217;artiste de musique \u00e9lectronique <strong>RY X<\/strong>. En 2025, le club y a pr\u00e9sent\u00e9 une performance de <a href=\"https:\/\/www.pattismith.net\"><strong>Patti Smith<\/strong><\/a>.<\/p>\n<p><strong>Cameron Leslie<\/strong>, cofondateur de Fabric, a d\u00e9clar\u00e9 :<\/p>\n<blockquote><p>\u00ab Fabric a toujours eu pour vocation de rassembler les gens autour de la musique et de cr\u00e9er des exp\u00e9riences qui marquent durablement les esprits. L&#8217;opportunit\u00e9 de le faire \u00e0 la cath\u00e9drale St Paul au cours des quatre prochaines ann\u00e9es est incroyablement enthousiasmante pour nous. C&#8217;est une rencontre extraordinaire et inattendue entre deux parties tr\u00e8s diff\u00e9rentes de Londres, et nous avons h\u00e2te de capitaliser sur le succ\u00e8s des \u00e9v\u00e9nements que nous avons d\u00e9j\u00e0 organis\u00e9s pour cr\u00e9er quelque chose de v\u00e9ritablement sp\u00e9cial et \u00e0 la hauteur de cet espace exceptionnel. \u00bb<\/p><\/blockquote>\n","protected":false},"excerpt":{"rendered":"Fabric a sign\u00e9 un accord de quatre ans pour devenir le partenaire exclusif de musique contemporaine \u00e0 la cath\u00e9drale St Paul.","protected":false},"author":7,"featured_media":19733,"comment_status":"closed","ping_status":"closed","sticky":false,"template":"","format":"standard","meta":{"_jetpack_newsletter_access":"","_jetpack_dont_email_post_to_subs":false,"_jetpack_newsletter_tier_id":0,"_jetpack_memberships_contains_paywalled_content":false,"csco_display_header_overlay":false,"csco_singular_sidebar":"","csco_page_header_type":"","csco_page_load_nextpost":"","csco_post_video_location":[],"csco_post_video_location_hash":"","csco_post_video_url":"","csco_post_video_bg_start_time":0,"csco_post_video_bg_end_time":0,"_jetpack_feature_clip_id":0,"_jetpack_memberships_contains_paid_content":false,"footnotes":"","jetpack_post_was_ever_published":false},"categories":[6874],"tags":[45043,45034,19070,7148,45037,45040],"class_list":["post-19734","post","type-post","status-publish","format-standard","has-post-thumbnail","category-culture-lifestyle-fr","tag-st-pauls-cathedral-fr","tag-fabric-fr","tag-london-fr","tag-live-music-fr","tag-patti-smith-fr","tag-ry-x-fr","cs-entry","cs-video-wrap"],"yoast_head":"<!-- This site is optimized with the Yoast SEO plugin v27.9 - https:\/\/yoast.com\/product\/yoast-seo-wordpress\/ -->\n<title>Fabric signe un accord de quatre ans pour des concerts \u00e0 la cath\u00e9drale St Paul<\/title>\n<meta name=\"description\" content=\"L&#039;exploitant de nightclub Fabric a sign\u00e9 un accord de quatre ans pour devenir le partenaire exclusif de musique contemporaine \u00e0 la cath\u00e9drale St Paul \u00e0 Londres.Le partenariat couvre des concerts d&#039;une gamme d&#039;artistes contemporains dans la cath\u00e9drale vieille de 300 ans.\" \/>\n<meta name=\"robots\" content=\"index, follow, max-snippet:-1, max-image-preview:large, max-video-preview:-1\" \/>\n<link rel=\"canonical\" href=\"https:\/\/interspacemusic.com\/blog\/fr\/fabric-signe-un-accord-de-quatre-ans-pour-des-concerts-a-la-cathedrale-st-paul\/\" \/>\n<meta property=\"og:locale\" content=\"en_US\" \/>\n<meta property=\"og:type\" content=\"article\" \/>\n<meta property=\"og:title\" content=\"Fabric signe un accord de quatre ans pour des concerts \u00e0 la cath\u00e9drale St Paul\" \/>\n<meta property=\"og:description\" content=\"L&#039;exploitant de nightclub Fabric a sign\u00e9 un accord de quatre ans pour devenir le partenaire exclusif de musique contemporaine \u00e0 la cath\u00e9drale St Paul \u00e0 Londres.Le partenariat couvre des concerts d&#039;une gamme d&#039;artistes contemporains dans la cath\u00e9drale vieille de 300 ans.\" \/>\n<meta property=\"og:url\" content=\"https:\/\/interspacemusic.com\/blog\/fr\/fabric-signe-un-accord-de-quatre-ans-pour-des-concerts-a-la-cathedrale-st-paul\/\" \/>\n<meta property=\"og:site_name\" content=\"The InterSpace Daily.\" \/>\n<meta property=\"article:publisher\" content=\"https:\/\/facebook.com\/interspacemusic\/\" \/>\n<meta property=\"article:published_time\" content=\"2026-09-03T00:00:00+00:00\" \/>\n<meta name=\"author\" content=\"Daniel Obembe\" \/>\n<meta name=\"twitter:card\" content=\"summary_large_image\" \/>\n<meta name=\"twitter:creator\" content=\"@interspacegroup\" \/>\n<meta name=\"twitter:site\" content=\"@interspacegroup\" \/>\n<meta name=\"twitter:label1\" content=\"Written by\" \/>\n\t<meta name=\"twitter:data1\" content=\"Daniel Obembe\" \/>\n\t<meta name=\"twitter:label2\" content=\"Est. reading time\" \/>\n\t<meta name=\"twitter:data2\" content=\"1 minute\" \/>\n<script type=\"application\/ld+json\" class=\"yoast-schema-graph\">{\"@context\":\"https:\\\/\\\/schema.org\",\"@graph\":[{\"@type\":[\"Article\",\"BlogPosting\"],\"@id\":\"https:\\\/\\\/interspacemusic.com\\\/blog\\\/fr\\\/fabric-signe-un-accord-de-quatre-ans-pour-des-concerts-a-la-cathedrale-st-paul\\\/#article\",\"isPartOf\":{\"@id\":\"https:\\\/\\\/interspacemusic.com\\\/blog\\\/fr\\\/fabric-signe-un-accord-de-quatre-ans-pour-des-concerts-a-la-cathedrale-st-paul\\\/\"},\"author\":{\"name\":\"Daniel Obembe\",\"@id\":\"https:\\\/\\\/interspacemusic.com\\\/blog\\\/#\\\/schema\\\/person\\\/dfda45c52f01072dd0d297096b799422\"},\"headline\":\"Fabric signe un accord de quatre ans pour des concerts \u00e0 la cath\u00e9drale St Paul\",\"datePublished\":\"2026-09-03T00:00:00+00:00\",\"mainEntityOfPage\":{\"@id\":\"https:\\\/\\\/interspacemusic.com\\\/blog\\\/fr\\\/fabric-signe-un-accord-de-quatre-ans-pour-des-concerts-a-la-cathedrale-st-paul\\\/\"},\"wordCount\":218,\"publisher\":{\"@id\":\"https:\\\/\\\/interspacemusic.com\\\/blog\\\/#organization\"},\"image\":{\"@id\":\"https:\\\/\\\/interspacemusic.com\\\/blog\\\/fr\\\/fabric-signe-un-accord-de-quatre-ans-pour-des-concerts-a-la-cathedrale-st-paul\\\/#primaryimage\"},\"thumbnailUrl\":\"https:\\\/\\\/i0.wp.com\\\/d2n07ae9429qri.cloudfront.net\\\/wp-content\\\/uploads\\\/2026\\\/09\\\/03150109\\\/fyohAjMZfoMM5Q0CPZggzMRaZeM.png?fit=1250%2C500&ssl=1\",\"keywords\":[\"Cath\u00e9drale Saint-Paul\",\"Fabric\",\"Londres\",\"Musique live\",\"Patti Smith\",\"RY X\"],\"articleSection\":[\"Culture et Style de Vie\"],\"inLanguage\":\"en-US\"},{\"@type\":\"WebPage\",\"@id\":\"https:\\\/\\\/interspacemusic.com\\\/blog\\\/fr\\\/fabric-signe-un-accord-de-quatre-ans-pour-des-concerts-a-la-cathedrale-st-paul\\\/\",\"url\":\"https:\\\/\\\/interspacemusic.com\\\/blog\\\/fr\\\/fabric-signe-un-accord-de-quatre-ans-pour-des-concerts-a-la-cathedrale-st-paul\\\/\",\"name\":\"Fabric signe un accord de quatre ans pour des concerts \u00e0 la cath\u00e9drale St Paul\",\"isPartOf\":{\"@id\":\"https:\\\/\\\/interspacemusic.com\\\/blog\\\/#website\"},\"primaryImageOfPage\":{\"@id\":\"https:\\\/\\\/interspacemusic.com\\\/blog\\\/fr\\\/fabric-signe-un-accord-de-quatre-ans-pour-des-concerts-a-la-cathedrale-st-paul\\\/#primaryimage\"},\"image\":{\"@id\":\"https:\\\/\\\/interspacemusic.com\\\/blog\\\/fr\\\/fabric-signe-un-accord-de-quatre-ans-pour-des-concerts-a-la-cathedrale-st-paul\\\/#primaryimage\"},\"thumbnailUrl\":\"https:\\\/\\\/i0.wp.com\\\/d2n07ae9429qri.cloudfront.net\\\/wp-content\\\/uploads\\\/2026\\\/09\\\/03150109\\\/fyohAjMZfoMM5Q0CPZggzMRaZeM.png?fit=1250%2C500&ssl=1\",\"datePublished\":\"2026-09-03T00:00:00+00:00\",\"description\":\"L'exploitant de nightclub Fabric a sign\u00e9 un accord de quatre ans pour devenir le partenaire exclusif de musique contemporaine \u00e0 la cath\u00e9drale St Paul \u00e0 Londres.Le partenariat couvre des concerts d'une gamme d'artistes contemporains dans la cath\u00e9drale vieille de 300 ans.\",\"breadcrumb\":{\"@id\":\"https:\\\/\\\/interspacemusic.com\\\/blog\\\/fr\\\/fabric-signe-un-accord-de-quatre-ans-pour-des-concerts-a-la-cathedrale-st-paul\\\/#breadcrumb\"},\"inLanguage\":\"en-US\",\"potentialAction\":[{\"@type\":\"ReadAction\",\"target\":[\"https:\\\/\\\/interspacemusic.com\\\/blog\\\/fr\\\/fabric-signe-un-accord-de-quatre-ans-pour-des-concerts-a-la-cathedrale-st-paul\\\/\"]}]},{\"@type\":\"ImageObject\",\"inLanguage\":\"en-US\",\"@id\":\"https:\\\/\\\/interspacemusic.com\\\/blog\\\/fr\\\/fabric-signe-un-accord-de-quatre-ans-pour-des-concerts-a-la-cathedrale-st-paul\\\/#primaryimage\",\"url\":\"https:\\\/\\\/i0.wp.com\\\/d2n07ae9429qri.cloudfront.net\\\/wp-content\\\/uploads\\\/2026\\\/09\\\/03150109\\\/fyohAjMZfoMM5Q0CPZggzMRaZeM.png?fit=1250%2C500&ssl=1\",\"contentUrl\":\"https:\\\/\\\/i0.wp.com\\\/d2n07ae9429qri.cloudfront.net\\\/wp-content\\\/uploads\\\/2026\\\/09\\\/03150109\\\/fyohAjMZfoMM5Q0CPZggzMRaZeM.png?fit=1250%2C500&ssl=1\",\"width\":1250,\"height\":500,\"caption\":\"Exterior view of St Paul's Cathedral in London, where Fabric will present contemporary music concerts under a four-year partnership.\"},{\"@type\":\"BreadcrumbList\",\"@id\":\"https:\\\/\\\/interspacemusic.com\\\/blog\\\/fr\\\/fabric-signe-un-accord-de-quatre-ans-pour-des-concerts-a-la-cathedrale-st-paul\\\/#breadcrumb\",\"itemListElement\":[{\"@type\":\"ListItem\",\"position\":1,\"name\":\"Home\",\"item\":\"https:\\\/\\\/interspacemusic.com\\\/blog\\\/\"},{\"@type\":\"ListItem\",\"position\":2,\"name\":\"Fabric signe un accord de quatre ans pour des concerts \u00e0 la cath\u00e9drale St Paul\"}]},{\"@type\":\"WebSite\",\"@id\":\"https:\\\/\\\/interspacemusic.com\\\/blog\\\/#website\",\"url\":\"https:\\\/\\\/interspacemusic.com\\\/blog\\\/\",\"name\":\"The InterSpace Daily.\",\"description\":\"Nigeria&#039;s leading music tech blog\",\"publisher\":{\"@id\":\"https:\\\/\\\/interspacemusic.com\\\/blog\\\/#organization\"},\"alternateName\":\"InterSpace Daily\",\"potentialAction\":[{\"@type\":\"SearchAction\",\"target\":{\"@type\":\"EntryPoint\",\"urlTemplate\":\"https:\\\/\\\/interspacemusic.com\\\/blog\\\/?s={search_term_string}\"},\"query-input\":{\"@type\":\"PropertyValueSpecification\",\"valueRequired\":true,\"valueName\":\"search_term_string\"}}],\"inLanguage\":\"en-US\"},{\"@type\":\"Organization\",\"@id\":\"https:\\\/\\\/interspacemusic.com\\\/blog\\\/#organization\",\"name\":\"The InterSpace Daily.\",\"alternateName\":\"InterSpace Distribution\",\"url\":\"https:\\\/\\\/interspacemusic.com\\\/blog\\\/\",\"logo\":{\"@type\":\"ImageObject\",\"inLanguage\":\"en-US\",\"@id\":\"https:\\\/\\\/interspacemusic.com\\\/blog\\\/#\\\/schema\\\/logo\\\/image\\\/\",\"url\":\"https:\\\/\\\/i0.wp.com\\\/interspacemusic.com\\\/blog\\\/wp-content\\\/uploads\\\/2025\\\/03\\\/DP1.png?fit=90%2C90&ssl=1\",\"contentUrl\":\"https:\\\/\\\/i0.wp.com\\\/interspacemusic.com\\\/blog\\\/wp-content\\\/uploads\\\/2025\\\/03\\\/DP1.png?fit=90%2C90&ssl=1\",\"width\":90,\"height\":90,\"caption\":\"The InterSpace Daily.\"},\"image\":{\"@id\":\"https:\\\/\\\/interspacemusic.com\\\/blog\\\/#\\\/schema\\\/logo\\\/image\\\/\"},\"sameAs\":[\"https:\\\/\\\/facebook.com\\\/interspacemusic\\\/\",\"https:\\\/\\\/x.com\\\/interspacegroup\",\"https:\\\/\\\/instagram.com\\\/interspace.africa\",\"https:\\\/\\\/youtube.com\\\/@interspacedistro\"],\"description\":\"Nigeria's leading music tech blog \u2014 streaming, distribution, royalties, AI and the business of music, covered from Lagos for artists and labels worldwide.\",\"knowsAbout\":[\"music technology\",\"music distribution\",\"music streaming\",\"music royalties\",\"Nigerian music industry\",\"Afrobeats\",\"YouTube MCNs\",\"DDEX\",\"AI in music\"],\"parentOrganization\":{\"@type\":\"Organization\",\"name\":\"The InterSpace Group\",\"url\":\"https:\\\/\\\/business.interspacemusic.com\\\/\",\"description\":\"The independent side of the global music industry \u2014 distribution, publishing, rights, and technology built for independent artists and labels.\"},\"areaServed\":[\"Nigeria\",\"Africa\",\"Worldwide\"]},{\"@type\":\"Person\",\"@id\":\"https:\\\/\\\/interspacemusic.com\\\/blog\\\/#\\\/schema\\\/person\\\/dfda45c52f01072dd0d297096b799422\",\"name\":\"Daniel Obembe\",\"image\":{\"@type\":\"ImageObject\",\"inLanguage\":\"en-US\",\"@id\":\"https:\\\/\\\/api.dicebear.com\\\/9.x\\\/notionists\\\/svg?seed=daniel&size=96&backgroundColor=ff6a1a,f7a072,ffd5bd,ffb38a&backgroundType=solid\",\"url\":\"https:\\\/\\\/api.dicebear.com\\\/9.x\\\/notionists\\\/svg?seed=daniel&size=96&backgroundColor=ff6a1a,f7a072,ffd5bd,ffb38a&backgroundType=solid\",\"contentUrl\":\"https:\\\/\\\/api.dicebear.com\\\/9.x\\\/notionists\\\/svg?seed=daniel&size=96&backgroundColor=ff6a1a,f7a072,ffd5bd,ffb38a&backgroundType=solid\",\"caption\":\"Daniel Obembe\"},\"description\":\"Daniel Obembe covers music technology, distribution, and the publishing side of the industry for InterSpace Daily.\",\"url\":\"https:\\\/\\\/interspacemusic.com\\\/blog\\\/author\\\/daniel\\\/\"}]}<\/script>\n<!-- \/ Yoast SEO plugin. -->","yoast_head_json":{"title":"Fabric signe un accord de quatre ans pour des concerts \u00e0 la cath\u00e9drale St Paul","description":"L'exploitant de nightclub Fabric a sign\u00e9 un accord de quatre ans pour devenir le partenaire exclusif de musique contemporaine \u00e0 la cath\u00e9drale St Paul \u00e0 Londres.Le partenariat couvre des concerts d'une gamme d'artistes contemporains dans la cath\u00e9drale vieille de 300 ans.","robots":{"index":"index","follow":"follow","max-snippet":"max-snippet:-1","max-image-preview":"max-image-preview:large","max-video-preview":"max-video-preview:-1"},"canonical":"https:\/\/interspacemusic.com\/blog\/fr\/fabric-signe-un-accord-de-quatre-ans-pour-des-concerts-a-la-cathedrale-st-paul\/","og_locale":"en_US","og_type":"article","og_title":"Fabric signe un accord de quatre ans pour des concerts \u00e0 la cath\u00e9drale St Paul","og_description":"L'exploitant de nightclub Fabric a sign\u00e9 un accord de quatre ans pour devenir le partenaire exclusif de musique contemporaine \u00e0 la cath\u00e9drale St Paul \u00e0 Londres.Le partenariat couvre des concerts d'une gamme d'artistes contemporains dans la cath\u00e9drale vieille de 300 ans.","og_url":"https:\/\/interspacemusic.com\/blog\/fr\/fabric-signe-un-accord-de-quatre-ans-pour-des-concerts-a-la-cathedrale-st-paul\/","og_site_name":"The InterSpace Daily.","article_publisher":"https:\/\/facebook.com\/interspacemusic\/","article_published_time":"2026-09-03T00:00:00+00:00","author":"Daniel Obembe","twitter_card":"summary_large_image","twitter_creator":"@interspacegroup","twitter_site":"@interspacegroup","twitter_misc":{"Written by":"Daniel Obembe","Est. reading time":"1 minute"},"schema":{"@context":"https:\/\/schema.org","@graph":[{"@type":["Article","BlogPosting"],"@id":"https:\/\/interspacemusic.com\/blog\/fr\/fabric-signe-un-accord-de-quatre-ans-pour-des-concerts-a-la-cathedrale-st-paul\/#article","isPartOf":{"@id":"https:\/\/interspacemusic.com\/blog\/fr\/fabric-signe-un-accord-de-quatre-ans-pour-des-concerts-a-la-cathedrale-st-paul\/"},"author":{"name":"Daniel Obembe","@id":"https:\/\/interspacemusic.com\/blog\/#\/schema\/person\/dfda45c52f01072dd0d297096b799422"},"headline":"Fabric signe un accord de quatre ans pour des concerts \u00e0 la cath\u00e9drale St Paul","datePublished":"2026-09-03T00:00:00+00:00","mainEntityOfPage":{"@id":"https:\/\/interspacemusic.com\/blog\/fr\/fabric-signe-un-accord-de-quatre-ans-pour-des-concerts-a-la-cathedrale-st-paul\/"},"wordCount":218,"publisher":{"@id":"https:\/\/interspacemusic.com\/blog\/#organization"},"image":{"@id":"https:\/\/interspacemusic.com\/blog\/fr\/fabric-signe-un-accord-de-quatre-ans-pour-des-concerts-a-la-cathedrale-st-paul\/#primaryimage"},"thumbnailUrl":"https:\/\/i0.wp.com\/d2n07ae9429qri.cloudfront.net\/wp-content\/uploads\/2026\/09\/03150109\/fyohAjMZfoMM5Q0CPZggzMRaZeM.png?fit=1250%2C500&ssl=1","keywords":["Cath\u00e9drale Saint-Paul","Fabric","Londres","Musique live","Patti Smith","RY X"],"articleSection":["Culture et Style de Vie"],"inLanguage":"en-US"},{"@type":"WebPage","@id":"https:\/\/interspacemusic.com\/blog\/fr\/fabric-signe-un-accord-de-quatre-ans-pour-des-concerts-a-la-cathedrale-st-paul\/","url":"https:\/\/interspacemusic.com\/blog\/fr\/fabric-signe-un-accord-de-quatre-ans-pour-des-concerts-a-la-cathedrale-st-paul\/","name":"Fabric signe un accord de quatre ans pour des concerts \u00e0 la cath\u00e9drale St Paul","isPartOf":{"@id":"https:\/\/interspacemusic.com\/blog\/#website"},"primaryImageOfPage":{"@id":"https:\/\/interspacemusic.com\/blog\/fr\/fabric-signe-un-accord-de-quatre-ans-pour-des-concerts-a-la-cathedrale-st-paul\/#primaryimage"},"image":{"@id":"https:\/\/interspacemusic.com\/blog\/fr\/fabric-signe-un-accord-de-quatre-ans-pour-des-concerts-a-la-cathedrale-st-paul\/#primaryimage"},"thumbnailUrl":"https:\/\/i0.wp.com\/d2n07ae9429qri.cloudfront.net\/wp-content\/uploads\/2026\/09\/03150109\/fyohAjMZfoMM5Q0CPZggzMRaZeM.png?fit=1250%2C500&ssl=1","datePublished":"2026-09-03T00:00:00+00:00","description":"L'exploitant de nightclub Fabric a sign\u00e9 un accord de quatre ans pour devenir le partenaire exclusif de musique contemporaine \u00e0 la cath\u00e9drale St Paul \u00e0 Londres.Le partenariat couvre des concerts d'une gamme d'artistes contemporains dans la cath\u00e9drale vieille de 300 ans.","breadcrumb":{"@id":"https:\/\/interspacemusic.com\/blog\/fr\/fabric-signe-un-accord-de-quatre-ans-pour-des-concerts-a-la-cathedrale-st-paul\/#breadcrumb"},"inLanguage":"en-US","potentialAction":[{"@type":"ReadAction","target":["https:\/\/interspacemusic.com\/blog\/fr\/fabric-signe-un-accord-de-quatre-ans-pour-des-concerts-a-la-cathedrale-st-paul\/"]}]},{"@type":"ImageObject","inLanguage":"en-US","@id":"https:\/\/interspacemusic.com\/blog\/fr\/fabric-signe-un-accord-de-quatre-ans-pour-des-concerts-a-la-cathedrale-st-paul\/#primaryimage","url":"https:\/\/i0.wp.com\/d2n07ae9429qri.cloudfront.net\/wp-content\/uploads\/2026\/09\/03150109\/fyohAjMZfoMM5Q0CPZggzMRaZeM.png?fit=1250%2C500&ssl=1","contentUrl":"https:\/\/i0.wp.com\/d2n07ae9429qri.cloudfront.net\/wp-content\/uploads\/2026\/09\/03150109\/fyohAjMZfoMM5Q0CPZggzMRaZeM.png?fit=1250%2C500&ssl=1","width":1250,"height":500,"caption":"Exterior view of St Paul's Cathedral in London, where Fabric will present contemporary music concerts under a four-year partnership."},{"@type":"BreadcrumbList","@id":"https:\/\/interspacemusic.com\/blog\/fr\/fabric-signe-un-accord-de-quatre-ans-pour-des-concerts-a-la-cathedrale-st-paul\/#breadcrumb","itemListElement":[{"@type":"ListItem","position":1,"name":"Home","item":"https:\/\/interspacemusic.com\/blog\/"},{"@type":"ListItem","position":2,"name":"Fabric signe un accord de quatre ans pour des concerts \u00e0 la cath\u00e9drale St Paul"}]},{"@type":"WebSite","@id":"https:\/\/interspacemusic.com\/blog\/#website","url":"https:\/\/interspacemusic.com\/blog\/","name":"The InterSpace Daily.","description":"Nigeria&#039;s leading music tech blog","publisher":{"@id":"https:\/\/interspacemusic.com\/blog\/#organization"},"alternateName":"InterSpace Daily","potentialAction":[{"@type":"SearchAction","target":{"@type":"EntryPoint","urlTemplate":"https:\/\/interspacemusic.com\/blog\/?s={search_term_string}"},"query-input":{"@type":"PropertyValueSpecification","valueRequired":true,"valueName":"search_term_string"}}],"inLanguage":"en-US"},{"@type":"Organization","@id":"https:\/\/interspacemusic.com\/blog\/#organization","name":"The InterSpace Daily.","alternateName":"InterSpace Distribution","url":"https:\/\/interspacemusic.com\/blog\/","logo":{"@type":"ImageObject","inLanguage":"en-US","@id":"https:\/\/interspacemusic.com\/blog\/#\/schema\/logo\/image\/","url":"https:\/\/i0.wp.com\/interspacemusic.com\/blog\/wp-content\/uploads\/2025\/03\/DP1.png?fit=90%2C90&ssl=1","contentUrl":"https:\/\/i0.wp.com\/interspacemusic.com\/blog\/wp-content\/uploads\/2025\/03\/DP1.png?fit=90%2C90&ssl=1","width":90,"height":90,"caption":"The InterSpace Daily."},"image":{"@id":"https:\/\/interspacemusic.com\/blog\/#\/schema\/logo\/image\/"},"sameAs":["https:\/\/facebook.com\/interspacemusic\/","https:\/\/x.com\/interspacegroup","https:\/\/instagram.com\/interspace.africa","https:\/\/youtube.com\/@interspacedistro"],"description":"Nigeria's leading music tech blog \u2014 streaming, distribution, royalties, AI and the business of music, covered from Lagos for artists and labels worldwide.","knowsAbout":["music technology","music distribution","music streaming","music royalties","Nigerian music industry","Afrobeats","YouTube MCNs","DDEX","AI in music"],"parentOrganization":{"@type":"Organization","name":"The InterSpace Group","url":"https:\/\/business.interspacemusic.com\/","description":"The independent side of the global music industry \u2014 distribution, publishing, rights, and technology built for independent artists and labels."},"areaServed":["Nigeria","Africa","Worldwide"]},{"@type":"Person","@id":"https:\/\/interspacemusic.com\/blog\/#\/schema\/person\/dfda45c52f01072dd0d297096b799422","name":"Daniel Obembe","image":{"@type":"ImageObject","inLanguage":"en-US","@id":"https:\/\/api.dicebear.com\/9.x\/notionists\/svg?seed=daniel&size=96&backgroundColor=ff6a1a,f7a072,ffd5bd,ffb38a&backgroundType=solid","url":"https:\/\/api.dicebear.com\/9.x\/notionists\/svg?seed=daniel&size=96&backgroundColor=ff6a1a,f7a072,ffd5bd,ffb38a&backgroundType=solid","contentUrl":"https:\/\/api.dicebear.com\/9.x\/notionists\/svg?seed=daniel&size=96&backgroundColor=ff6a1a,f7a072,ffd5bd,ffb38a&backgroundType=solid","caption":"Daniel Obembe"},"description":"Daniel Obembe covers music technology, distribution, and the publishing side of the industry for InterSpace Daily.","url":"https:\/\/interspacemusic.com\/blog\/author\/daniel\/"}]}},"jetpack_featured_media_url":"https:\/\/i0.wp.com\/d2n07ae9429qri.cloudfront.net\/wp-content\/uploads\/2026\/09\/03150109\/fyohAjMZfoMM5Q0CPZggzMRaZeM.png?fit=1250%2C500&ssl=1","jetpack_sharing_enabled":true,"_links":{"self":[{"href":"https:\/\/interspacemusic.com\/blog\/wp-json\/wp\/v2\/posts\/19734","targetHints":{"allow":["GET"]}}],"collection":[{"href":"https:\/\/interspacemusic.com\/blog\/wp-json\/wp\/v2\/posts"}],"about":[{"href":"https:\/\/interspacemusic.com\/blog\/wp-json\/wp\/v2\/types\/post"}],"author":[{"embeddable":true,"href":"https:\/\/interspacemusic.com\/blog\/wp-json\/wp\/v2\/users\/7"}],"replies":[{"embeddable":true,"href":"https:\/\/interspacemusic.com\/blog\/wp-json\/wp\/v2\/comments?post=19734"}],"version-history":[{"count":0,"href":"https:\/\/interspacemusic.com\/blog\/wp-json\/wp\/v2\/posts\/19734\/revisions"}],"wp:featuredmedia":[{"embeddable":true,"href":"https:\/\/interspacemusic.com\/blog\/wp-json\/wp\/v2\/media\/19733"}],"wp:attachment":[{"href":"https:\/\/interspacemusic.com\/blog\/wp-json\/wp\/v2\/media?parent=19734"}],"wp:term":[{"taxonomy":"category","embeddable":true,"href":"https:\/\/interspacemusic.com\/blog\/wp-json\/wp\/v2\/categories?post=19734"},{"taxonomy":"post_tag","embeddable":true,"href":"https:\/\/interspacemusic.com\/blog\/wp-json\/wp\/v2\/tags?post=19734"}],"curies":[{"name":"wp","href":"https:\/\/api.w.org\/{rel}","templated":true}]}}